{"id":344,"date":"2025-03-06T11:59:00","date_gmt":"2025-03-06T14:59:00","guid":{"rendered":"https:\/\/fullmast.org\/?p=344"},"modified":"2025-03-24T16:57:25","modified_gmt":"2025-03-24T19:57:25","slug":"cambio-de-gobierno-importaciones-exportaciones-uruguay","status":"publish","type":"post","link":"https:\/\/fullmast.org\/index.php\/2025\/03\/06\/cambio-de-gobierno-importaciones-exportaciones-uruguay\/","title":{"rendered":"Cambio de gobierno este 1 de marzo"},"content":{"rendered":"\n<h1 class=\"wp-block-heading\">Cambio de gobierno en Uruguay y su influencia en el comercio internacional<\/h1>\n\n\n\n<p>El comercio exterior es fundamental para el crecimiento y desarrollo de las peque\u00f1as y medianas empresas (PYMEs) en Uruguay, sus importaciones y exportaciones. A trav\u00e9s del comercio internacional, las PYMEs pueden acceder a nuevos mercados, diversificar sus fuentes de ingresos y mejorar su competitividad. Importaciones y exportaciones son lo que permite al pa\u00eds mover su divisa, sea con el presidente saliente Lacalle Pou o Yamand\u00fa Orsi<\/p>\n\n\n\n<p>El cambio de gobierno no tiene un impacto inmediato, lo cual lo veremos con el tiempo si el presidente mantiene la pol\u00edtica del gobierno anterior, si le hace cambios sutiles o cambios radicales, aqu\u00ed te mostramos algunas ventajas y desventajas del comercio exterior para PYMEs:<br><\/p>\n\n\n\n<h1 class=\"wp-block-heading\">\u00cdndice<\/h1>\n\n\n\n<ul class=\"wp-block-list\">\n<li><a href=\"#introduccion\">Introducci\u00f3n<\/a><\/li>\n\n\n\n<li><a href=\"#ventajas\">Ventajas del comercio exterior para las PYMEs<\/a>\n<ul class=\"wp-block-list\">\n<li><a href=\"#acceso\">Acceso a nuevos mercados<\/a><\/li>\n\n\n\n<li><a href=\"#diversificacion\">Diversificaci\u00f3n de riesgos<\/a><\/li>\n\n\n\n<li><a href=\"#innovacion\">Innovaci\u00f3n y competitividad<\/a><\/li>\n\n\n\n<li><a href=\"#economias\">Econom\u00edas de escala<\/a><\/li>\n<\/ul>\n<\/li>\n\n\n\n<li><a href=\"#desafios\">Desventajas y desaf\u00edos en el contexto de cambio de gobierno<\/a><\/li>\n\n\n\n<li><a href=\"#conclusion\">Conclusi\u00f3n<\/a><\/li>\n<\/ul>\n\n\n\n<h2 class=\"wp-block-heading\">\ud835\udc15\ud835\udc1e\ud835\udc27\ud835\udc2d\ud835\udc1a\ud835\udc23\ud835\udc1a\ud835\udc2c \ud835\udc1d\ud835\udc1e\ud835\udc25 \ud835\udc1c\ud835\udc28\ud835\udc26\ud835\udc1e\ud835\udc2b\ud835\udc1c\ud835\udc22\ud835\udc28 \ud835\udc1e\ud835\udc31\ud835\udc2d\ud835\udc1e\ud835\udc2b\ud835\udc22\ud835\udc28\ud835\udc2b \ud835\udc29\ud835\udc1a\ud835\udc2b\ud835\udc1a \ud835\udc25\ud835\udc1a\ud835\udc2c \ud835\udc0f\ud835\udc18\ud835\udc0c\ud835\udc04\ud835\udc2c:<\/h2>\n\n\n\n<p>\ud835\udfcf. \ud835\udc00\ud835\udc1c\ud835\udc1c\ud835\udc1e\ud835\udc2c\ud835\udc28 \ud835\udc1a \ud835\udc27\ud835\udc2e\ud835\udc1e\ud835\udc2f\ud835\udc28\ud835\udc2c \ud835\udc26\ud835\udc1e\ud835\udc2b\ud835\udc1c\ud835\udc1a\ud835\udc1d\ud835\udc28\ud835\udc2c:<br>Permite a las PYMEs vender sus productos y servicios a nivel internacional, aumentando su base de clientes y potencial de ingresos.<br><br>\ud835\udfd0. \ud835\udc03\ud835\udc22\ud835\udc2f\ud835\udc1e\ud835\udc2b\ud835\udc2c\ud835\udc22\ud835\udc1f\ud835\udc22\ud835\udc1c\ud835\udc1a\ud835\udc1c\ud835\udc22\ud835\udc28\u0301\ud835\udc27 \ud835\udc1d\ud835\udc1e \ud835\udc2b\ud835\udc22\ud835\udc1e\ud835\udc2c\ud835\udc20\ud835\udc28\ud835\udc2c:<br>Al operar en m\u00faltiples mercados, las PYMEs pueden reducir su dependencia de un solo mercado y mitigar riesgos econ\u00f3micos y pol\u00edticos.<br><br>\ud835\udfd1. \ud835\udc08\ud835\udc27\ud835\udc27\ud835\udc28\ud835\udc2f\ud835\udc1a\ud835\udc1c\ud835\udc22\ud835\udc28\u0301\ud835\udc27 \ud835\udc32 \ud835\udc1c\ud835\udc28\ud835\udc26\ud835\udc29\ud835\udc1e\ud835\udc2d\ud835\udc22\ud835\udc2d\ud835\udc22\ud835\udc2f\ud835\udc22\ud835\udc1d\ud835\udc1a\ud835\udc1d:<br>La exposici\u00f3n a mercados internacionales impulsa a las PYMEs a innovar y mejorar sus productos y servicios para competir a nivel global.<br><br>\ud835\udfd2. \ud835\udc04\ud835\udc1c\ud835\udc28\ud835\udc27\ud835\udc28\ud835\udc26\ud835\udc22\u0301\ud835\udc1a\ud835\udc2c \ud835\udc1d\ud835\udc1e \ud835\udc1e\ud835\udc2c\ud835\udc1c\ud835\udc1a\ud835\udc25\ud835\udc1a:<br><br>Al aumentar su volumen de ventas, las PYMEs pueden beneficiarse de econom\u00edas de escala, reduciendo costos y mejorando su rentabilidad.<\/p>\n\n\n\n<figure class=\"wp-block-image size-large\"><img fetchpriority=\"high\" decoding=\"async\" width=\"1024\" height=\"1024\" src=\"https:\/\/fullmast.org\/wp-content\/uploads\/2025\/02\/CAMBIO-1024x1024.jpg\" alt=\"como afecta a las importaciones el cambio de gobierno en uruguay\" class=\"wp-image-345\" srcset=\"https:\/\/fullmast.org\/wp-content\/uploads\/2025\/02\/CAMBIO-1024x1024.jpg 1024w, https:\/\/fullmast.org\/wp-content\/uploads\/2025\/02\/CAMBIO-300x300.jpg 300w, https:\/\/fullmast.org\/wp-content\/uploads\/2025\/02\/CAMBIO-150x150.jpg 150w, https:\/\/fullmast.org\/wp-content\/uploads\/2025\/02\/CAMBIO-768x768.jpg 768w, https:\/\/fullmast.org\/wp-content\/uploads\/2025\/02\/CAMBIO.jpg 1080w\" sizes=\"(max-width: 1024px) 100vw, 1024px\" \/><\/figure>\n\n\n\n<p><\/p>\n\n\n\n<h2 class=\"wp-block-heading\">\ud835\udc03\ud835\udc1e\ud835\udc2c\ud835\udc2f\ud835\udc1e\ud835\udc27\ud835\udc2d\ud835\udc1a\ud835\udc23\ud835\udc1a\ud835\udc2c \ud835\udc32 \ud835\udc1d\ud835\udc1e\ud835\udc2c\ud835\udc1a\ud835\udc1f\ud835\udc22\u0301\ud835\udc28\ud835\udc2c \ud835\udc1e\ud835\udc27 \ud835\udc1e\ud835\udc25 \ud835\udc1c\ud835\udc28\ud835\udc27\ud835\udc2d\ud835\udc1e\ud835\udc31\ud835\udc2d\ud835\udc28 \ud835\udc1d\ud835\udc1e \ud835\udc1c\ud835\udc1a\ud835\udc26\ud835\udc1b\ud835\udc22\ud835\udc28 \ud835\udc1d\ud835\udc1e \ud835\udc20\ud835\udc28\ud835\udc1b\ud835\udc22\ud835\udc1e\ud835\udc2b\ud835\udc27\ud835\udc28:<\/h2>\n\n\n\n<p>\ud835\udc08\ud835\udc27\ud835\udc1c\ud835\udc1e\ud835\udc2b\ud835\udc2d\ud835\udc22\ud835\udc1d\ud835\udc2e\ud835\udc26\ud835\udc1b\ud835\udc2b\ud835\udc1e \ud835\udc29\ud835\udc28\ud835\udc25\ud835\udc22\u0301\ud835\udc2d\ud835\udc22\ud835\udc1c\ud835\udc1a:<br>Los cambios de gobierno pueden generar incertidumbre en las pol\u00edticas comerciales, afectando la planificaci\u00f3n y las estrategias de las PYMEs.<br><br>\ud835\udc11\ud835\udc1e\ud835\udc20\ud835\udc2e\ud835\udc25\ud835\udc1a\ud835\udc1c\ud835\udc22\ud835\udc28\ud835\udc27\ud835\udc1e\ud835\udc2c \ud835\udc32 \ud835\udc1a\ud835\udc2b\ud835\udc1a\ud835\udc27\ud835\udc1c\ud835\udc1e\ud835\udc25\ud835\udc1e\ud835\udc2c:<br>Las nuevas administraciones pueden implementar cambios en las regulaciones y aranceles, lo que puede aumentar los costos y complicar el acceso a ciertos mercados.<br><br>\ud835\udc00\ud835\udc1d\ud835\udc1a\ud835\udc29\ud835\udc2d\ud835\udc1a\ud835\udc1c\ud835\udc22\ud835\udc28\u0301\ud835\udc27 \ud835\udc1a \ud835\udc27\ud835\udc2e\ud835\udc1e\ud835\udc2f\ud835\udc1a\ud835\udc2c \ud835\udc29\ud835\udc28\ud835\udc25\ud835\udc22\u0301\ud835\udc2d\ud835\udc22\ud835\udc1c\ud835\udc1a\ud835\udc2c:<br>Las PYMEs deben estar preparadas para adaptarse r\u00e1pidamente a las nuevas pol\u00edticas y regulaciones que puedan surgir con el cambio de gobierno.<br><br>\ud835\udc00 \ud835\udc29\ud835\udc1e\ud835\udc2c\ud835\udc1a\ud835\udc2b \ud835\udc1d\ud835\udc1e \ud835\udc25\ud835\udc28\ud835\udc2c \ud835\udc1c\ud835\udc1a\ud835\udc26\ud835\udc1b\ud835\udc22\ud835\udc28\ud835\udc2c \ud835\udc1d\ud835\udc1e \ud835\udc20\ud835\udc28\ud835\udc1b\ud835\udc22\ud835\udc1e\ud835\udc2b\ud835\udc27\ud835\udc28, \ud835\udc1e\ud835\udc25 \ud835\udc1c\ud835\udc28\ud835\udc26\ud835\udc1e\ud835\udc2b\ud835\udc1c\ud835\udc22\ud835\udc28 \ud835\udc22\ud835\udc27\ud835\udc2d\ud835\udc1e\ud835\udc2b\ud835\udc27\ud835\udc1a\ud835\udc1c\ud835\udc22\ud835\udc28\ud835\udc27\ud835\udc1a\ud835\udc25 \ud835\udc27\ud835\udc2e\ud835\udc27\ud835\udc1c\ud835\udc1a \ud835\udc2c\ud835\udc1e \ud835\udc1d\ud835\udc1e\ud835\udc2d\ud835\udc22\ud835\udc1e\ud835\udc27\ud835\udc1e. Puede acelerarse o frenarse, pero siempre contin\u00faa. Las PYMEs deben estar atentas a las oportunidades y desaf\u00edos que surgen en este contexto y adaptarse para seguir creciendo y prosperando.<\/p>\n\n\n\n<p><strong>Sea qui\u00e9n sea el presidente, el comercio internacional no se detiene.<\/strong><\/p>\n\n\n\n<p>Aprovecha esta oportunidad para mantener tu negocio en movimiento. Solicita una cotizaci\u00f3n personalizada de flete hoy mismo y descubre c\u00f3mo podemos ayudarte a navegar en el cambiante panorama pol\u00edtico y econ\u00f3mico, asegurando que tus env\u00edos lleguen a su destino a tiempo y al mejor costo.<\/p>\n\n\n\n<p><strong>\u00a1Cotiza tu flete <a href=\"https:\/\/fullmast.org\/\">aqu\u00ed<\/a>!<\/strong><\/p>\n\n\n\n<p>Te perdiste el cambio de mando? mir\u00e1 el cambio de mando dando click <a href=\"https:\/\/www.youtube.com\/watch?v=DlHMHkK7pTg\">aqu\u00ed<\/a><\/p>\n\n\n\n<p><\/p>\n","protected":false},"excerpt":{"rendered":"<p>Cambio de gobierno en Uruguay y su influencia en el comercio internacional El comercio exterior es fundamental para el crecimiento [&hellip;]<\/p>\n","protected":false},"author":2,"featured_media":417,"comment_status":"closed","ping_status":"open","sticky":false,"template":"","format":"standard","meta":{"content-type":"","site-sidebar-layout":"default","site-content-layout":"","ast-site-content-layout":"","site-content-style":"default","site-sidebar-style":"default","ast-global-header-display":"","ast-banner-title-visibility":"","ast-main-header-display":"","ast-hfb-above-header-display":"","ast-hfb-below-header-display":"","ast-hfb-mobile-header-display":"","site-post-title":"disabled","ast-breadcrumbs-content":"","ast-featured-img":"","footer-sml-layout":"","theme-transparent-header-meta":"","adv-header-id-meta":"","stick-header-meta":"","header-above-stick-meta":"","header-main-stick-meta":"","header-below-stick-meta":"","astra-migrate-meta-layouts":"default","ast-page-background-enabled":"default","ast-page-background-meta":{"desktop":{"background-color":"var(--ast-global-color-4)","background-image":"","background-repeat":"repeat","background-position":"center center","background-size":"auto","background-attachment":"scroll","background-type":"","background-media":"","overlay-type":"","overlay-color":"","overlay-opacity":"","overlay-gradient":""},"tablet":{"background-color":"","background-image":"","background-repeat":"repeat","background-position":"center center","background-size":"auto","background-attachment":"scroll","background-type":"","background-media":"","overlay-type":"","overlay-color":"","overlay-opacity":"","overlay-gradient":""},"mobile":{"background-color":"","background-image":"","background-repeat":"repeat","background-position":"center center","background-size":"auto","background-attachment":"scroll","background-type":"","background-media":"","overlay-type":"","overlay-color":"","overlay-opacity":"","overlay-gradient":""}},"ast-content-background-meta":{"desktop":{"background-color":"var(--ast-global-color-5)","background-image":"","background-repeat":"repeat","background-position":"center center","background-size":"auto","background-attachment":"scroll","background-type":"","background-media":"","overlay-type":"","overlay-color":"","overlay-opacity":"","overlay-gradient":""},"tablet":{"background-color":"var(--ast-global-color-5)","background-image":"","background-repeat":"repeat","background-position":"center center","background-size":"auto","background-attachment":"scroll","background-type":"","background-media":"","overlay-type":"","overlay-color":"","overlay-opacity":"","overlay-gradient":""},"mobile":{"background-color":"var(--ast-global-color-5)","background-image":"","background-repeat":"repeat","background-position":"center center","background-size":"auto","background-attachment":"scroll","background-type":"","background-media":"","overlay-type":"","overlay-color":"","overlay-opacity":"","overlay-gradient":""}},"footnotes":""},"categories":[1],"tags":[19,17,18],"class_list":["post-344","post","type-post","status-publish","format-standard","has-post-thumbnail","hentry","category-noticias","tag-exportaciones","tag-forwarder","tag-importaciones"],"yoast_head":"<!-- This site is optimized with the Yoast SEO plugin v24.5 - https:\/\/yoast.com\/wordpress\/plugins\/seo\/ -->\n<title>Cambio de gobierno este 1 de marzo - Fullmast SRL<\/title>\n<meta name=\"description\" content=\"El comercio exterior es fundamental para el crecimiento y desarrollo de las peque\u00f1as y medianas empresas en Uruguay, sus importaciones\" \/>\n<meta name=\"robots\" content=\"index, follow, max-snippet:-1, max-image-preview:large, max-video-preview:-1\" \/>\n<link rel=\"canonical\" href=\"https:\/\/fullmast.org\/index.php\/2025\/03\/06\/cambio-de-gobierno-importaciones-exportaciones-uruguay\/\" \/>\n<meta property=\"og:locale\" content=\"es_ES\" \/>\n<meta property=\"og:type\" content=\"article\" \/>\n<meta property=\"og:title\" content=\"Cambio de gobierno este 1 de marzo - Fullmast SRL\" \/>\n<meta property=\"og:description\" content=\"El comercio exterior es fundamental para el crecimiento y desarrollo de las peque\u00f1as y medianas empresas en Uruguay, sus importaciones\" \/>\n<meta property=\"og:url\" content=\"https:\/\/fullmast.org\/index.php\/2025\/03\/06\/cambio-de-gobierno-importaciones-exportaciones-uruguay\/\" \/>\n<meta property=\"og:site_name\" content=\"Fullmast SRL\" \/>\n<meta property=\"article:published_time\" content=\"2025-03-06T14:59:00+00:00\" \/>\n<meta property=\"article:modified_time\" content=\"2025-03-24T19:57:25+00:00\" \/>\n<meta property=\"og:image\" content=\"https:\/\/fullmast.org\/wp-content\/uploads\/2025\/02\/6.png\" \/>\n\t<meta property=\"og:image:width\" content=\"390\" \/>\n\t<meta property=\"og:image:height\" content=\"210\" \/>\n\t<meta property=\"og:image:type\" content=\"image\/png\" \/>\n<meta name=\"author\" content=\"Abrahan Lopez\" \/>\n<meta name=\"twitter:card\" content=\"summary_large_image\" \/>\n<meta name=\"twitter:label1\" content=\"Escrito por\" \/>\n\t<meta name=\"twitter:data1\" content=\"Abrahan Lopez\" \/>\n\t<meta name=\"twitter:label2\" content=\"Tiempo de lectura\" \/>\n\t<meta name=\"twitter:data2\" content=\"3 minutos\" \/>\n<script type=\"application\/ld+json\" class=\"yoast-schema-graph\">{\"@context\":\"https:\/\/schema.org\",\"@graph\":[{\"@type\":\"Article\",\"@id\":\"https:\/\/fullmast.org\/index.php\/2025\/03\/06\/cambio-de-gobierno-importaciones-exportaciones-uruguay\/#article\",\"isPartOf\":{\"@id\":\"https:\/\/fullmast.org\/index.php\/2025\/03\/06\/cambio-de-gobierno-importaciones-exportaciones-uruguay\/\"},\"author\":{\"name\":\"Abrahan Lopez\",\"@id\":\"https:\/\/fullmast.org\/#\/schema\/person\/3696c28a92ac428223b76163567cfb2a\"},\"headline\":\"Cambio de gobierno este 1 de marzo\",\"datePublished\":\"2025-03-06T14:59:00+00:00\",\"dateModified\":\"2025-03-24T19:57:25+00:00\",\"mainEntityOfPage\":{\"@id\":\"https:\/\/fullmast.org\/index.php\/2025\/03\/06\/cambio-de-gobierno-importaciones-exportaciones-uruguay\/\"},\"wordCount\":442,\"publisher\":{\"@id\":\"https:\/\/fullmast.org\/#organization\"},\"image\":{\"@id\":\"https:\/\/fullmast.org\/index.php\/2025\/03\/06\/cambio-de-gobierno-importaciones-exportaciones-uruguay\/#primaryimage\"},\"thumbnailUrl\":\"https:\/\/fullmast.org\/wp-content\/uploads\/2025\/02\/6.png\",\"keywords\":[\"exportaciones\",\"forwarder\",\"importaciones\"],\"articleSection\":[\"Noticias\"],\"inLanguage\":\"es\"},{\"@type\":\"WebPage\",\"@id\":\"https:\/\/fullmast.org\/index.php\/2025\/03\/06\/cambio-de-gobierno-importaciones-exportaciones-uruguay\/\",\"url\":\"https:\/\/fullmast.org\/index.php\/2025\/03\/06\/cambio-de-gobierno-importaciones-exportaciones-uruguay\/\",\"name\":\"Cambio de gobierno este 1 de marzo - Fullmast SRL\",\"isPartOf\":{\"@id\":\"https:\/\/fullmast.org\/#website\"},\"primaryImageOfPage\":{\"@id\":\"https:\/\/fullmast.org\/index.php\/2025\/03\/06\/cambio-de-gobierno-importaciones-exportaciones-uruguay\/#primaryimage\"},\"image\":{\"@id\":\"https:\/\/fullmast.org\/index.php\/2025\/03\/06\/cambio-de-gobierno-importaciones-exportaciones-uruguay\/#primaryimage\"},\"thumbnailUrl\":\"https:\/\/fullmast.org\/wp-content\/uploads\/2025\/02\/6.png\",\"datePublished\":\"2025-03-06T14:59:00+00:00\",\"dateModified\":\"2025-03-24T19:57:25+00:00\",\"description\":\"El comercio exterior es fundamental para el crecimiento y desarrollo de las peque\u00f1as y medianas empresas en Uruguay, sus importaciones\",\"breadcrumb\":{\"@id\":\"https:\/\/fullmast.org\/index.php\/2025\/03\/06\/cambio-de-gobierno-importaciones-exportaciones-uruguay\/#breadcrumb\"},\"inLanguage\":\"es\",\"potentialAction\":[{\"@type\":\"ReadAction\",\"target\":[\"https:\/\/fullmast.org\/index.php\/2025\/03\/06\/cambio-de-gobierno-importaciones-exportaciones-uruguay\/\"]}]},{\"@type\":\"ImageObject\",\"inLanguage\":\"es\",\"@id\":\"https:\/\/fullmast.org\/index.php\/2025\/03\/06\/cambio-de-gobierno-importaciones-exportaciones-uruguay\/#primaryimage\",\"url\":\"https:\/\/fullmast.org\/wp-content\/uploads\/2025\/02\/6.png\",\"contentUrl\":\"https:\/\/fullmast.org\/wp-content\/uploads\/2025\/02\/6.png\",\"width\":390,\"height\":210,\"caption\":\"cambio de gob\"},{\"@type\":\"BreadcrumbList\",\"@id\":\"https:\/\/fullmast.org\/index.php\/2025\/03\/06\/cambio-de-gobierno-importaciones-exportaciones-uruguay\/#breadcrumb\",\"itemListElement\":[{\"@type\":\"ListItem\",\"position\":1,\"name\":\"Portada\",\"item\":\"https:\/\/fullmast.org\/\"},{\"@type\":\"ListItem\",\"position\":2,\"name\":\"Cambio de gobierno este 1 de marzo\"}]},{\"@type\":\"WebSite\",\"@id\":\"https:\/\/fullmast.org\/#website\",\"url\":\"https:\/\/fullmast.org\/\",\"name\":\"Fullmast SRL\",\"description\":\"Expertos en Log\u00edstica Internacional\",\"publisher\":{\"@id\":\"https:\/\/fullmast.org\/#organization\"},\"potentialAction\":[{\"@type\":\"SearchAction\",\"target\":{\"@type\":\"EntryPoint\",\"urlTemplate\":\"https:\/\/fullmast.org\/?s={search_term_string}\"},\"query-input\":{\"@type\":\"PropertyValueSpecification\",\"valueRequired\":true,\"valueName\":\"search_term_string\"}}],\"inLanguage\":\"es\"},{\"@type\":\"Organization\",\"@id\":\"https:\/\/fullmast.org\/#organization\",\"name\":\"Fullmast SRL\",\"url\":\"https:\/\/fullmast.org\/\",\"logo\":{\"@type\":\"ImageObject\",\"inLanguage\":\"es\",\"@id\":\"https:\/\/fullmast.org\/#\/schema\/logo\/image\/\",\"url\":\"https:\/\/fullmast.org\/wp-content\/uploads\/2024\/09\/png-transp-full.png\",\"contentUrl\":\"https:\/\/fullmast.org\/wp-content\/uploads\/2024\/09\/png-transp-full.png\",\"width\":1250,\"height\":1250,\"caption\":\"Fullmast SRL\"},\"image\":{\"@id\":\"https:\/\/fullmast.org\/#\/schema\/logo\/image\/\"},\"sameAs\":[\"https:\/\/www.linkedin.com\/company\/fullmast-srl\/posts\/?feedView=all\",\"https:\/\/www.instagram.com\/fullmastsrl\/\",\"https:\/\/www.tiktok.com\/@fullmastsrl\"]},{\"@type\":\"Person\",\"@id\":\"https:\/\/fullmast.org\/#\/schema\/person\/3696c28a92ac428223b76163567cfb2a\",\"name\":\"Abrahan Lopez\",\"url\":\"https:\/\/fullmast.org\/index.php\/author\/abrahan\/\"}]}<\/script>\n<!-- \/ Yoast SEO plugin. -->","yoast_head_json":{"title":"Cambio de gobierno este 1 de marzo - Fullmast SRL","description":"El comercio exterior es fundamental para el crecimiento y desarrollo de las peque\u00f1as y medianas empresas en Uruguay, sus importaciones","robots":{"index":"index","follow":"follow","max-snippet":"max-snippet:-1","max-image-preview":"max-image-preview:large","max-video-preview":"max-video-preview:-1"},"canonical":"https:\/\/fullmast.org\/index.php\/2025\/03\/06\/cambio-de-gobierno-importaciones-exportaciones-uruguay\/","og_locale":"es_ES","og_type":"article","og_title":"Cambio de gobierno este 1 de marzo - Fullmast SRL","og_description":"El comercio exterior es fundamental para el crecimiento y desarrollo de las peque\u00f1as y medianas empresas en Uruguay, sus importaciones","og_url":"https:\/\/fullmast.org\/index.php\/2025\/03\/06\/cambio-de-gobierno-importaciones-exportaciones-uruguay\/","og_site_name":"Fullmast SRL","article_published_time":"2025-03-06T14:59:00+00:00","article_modified_time":"2025-03-24T19:57:25+00:00","og_image":[{"width":390,"height":210,"url":"https:\/\/fullmast.org\/wp-content\/uploads\/2025\/02\/6.png","type":"image\/png"}],"author":"Abrahan Lopez","twitter_card":"summary_large_image","twitter_misc":{"Escrito por":"Abrahan Lopez","Tiempo de lectura":"3 minutos"},"schema":{"@context":"https:\/\/schema.org","@graph":[{"@type":"Article","@id":"https:\/\/fullmast.org\/index.php\/2025\/03\/06\/cambio-de-gobierno-importaciones-exportaciones-uruguay\/#article","isPartOf":{"@id":"https:\/\/fullmast.org\/index.php\/2025\/03\/06\/cambio-de-gobierno-importaciones-exportaciones-uruguay\/"},"author":{"name":"Abrahan Lopez","@id":"https:\/\/fullmast.org\/#\/schema\/person\/3696c28a92ac428223b76163567cfb2a"},"headline":"Cambio de gobierno este 1 de marzo","datePublished":"2025-03-06T14:59:00+00:00","dateModified":"2025-03-24T19:57:25+00:00","mainEntityOfPage":{"@id":"https:\/\/fullmast.org\/index.php\/2025\/03\/06\/cambio-de-gobierno-importaciones-exportaciones-uruguay\/"},"wordCount":442,"publisher":{"@id":"https:\/\/fullmast.org\/#organization"},"image":{"@id":"https:\/\/fullmast.org\/index.php\/2025\/03\/06\/cambio-de-gobierno-importaciones-exportaciones-uruguay\/#primaryimage"},"thumbnailUrl":"https:\/\/fullmast.org\/wp-content\/uploads\/2025\/02\/6.png","keywords":["exportaciones","forwarder","importaciones"],"articleSection":["Noticias"],"inLanguage":"es"},{"@type":"WebPage","@id":"https:\/\/fullmast.org\/index.php\/2025\/03\/06\/cambio-de-gobierno-importaciones-exportaciones-uruguay\/","url":"https:\/\/fullmast.org\/index.php\/2025\/03\/06\/cambio-de-gobierno-importaciones-exportaciones-uruguay\/","name":"Cambio de gobierno este 1 de marzo - Fullmast SRL","isPartOf":{"@id":"https:\/\/fullmast.org\/#website"},"primaryImageOfPage":{"@id":"https:\/\/fullmast.org\/index.php\/2025\/03\/06\/cambio-de-gobierno-importaciones-exportaciones-uruguay\/#primaryimage"},"image":{"@id":"https:\/\/fullmast.org\/index.php\/2025\/03\/06\/cambio-de-gobierno-importaciones-exportaciones-uruguay\/#primaryimage"},"thumbnailUrl":"https:\/\/fullmast.org\/wp-content\/uploads\/2025\/02\/6.png","datePublished":"2025-03-06T14:59:00+00:00","dateModified":"2025-03-24T19:57:25+00:00","description":"El comercio exterior es fundamental para el crecimiento y desarrollo de las peque\u00f1as y medianas empresas en Uruguay, sus importaciones","breadcrumb":{"@id":"https:\/\/fullmast.org\/index.php\/2025\/03\/06\/cambio-de-gobierno-importaciones-exportaciones-uruguay\/#breadcrumb"},"inLanguage":"es","potentialAction":[{"@type":"ReadAction","target":["https:\/\/fullmast.org\/index.php\/2025\/03\/06\/cambio-de-gobierno-importaciones-exportaciones-uruguay\/"]}]},{"@type":"ImageObject","inLanguage":"es","@id":"https:\/\/fullmast.org\/index.php\/2025\/03\/06\/cambio-de-gobierno-importaciones-exportaciones-uruguay\/#primaryimage","url":"https:\/\/fullmast.org\/wp-content\/uploads\/2025\/02\/6.png","contentUrl":"https:\/\/fullmast.org\/wp-content\/uploads\/2025\/02\/6.png","width":390,"height":210,"caption":"cambio de gob"},{"@type":"BreadcrumbList","@id":"https:\/\/fullmast.org\/index.php\/2025\/03\/06\/cambio-de-gobierno-importaciones-exportaciones-uruguay\/#breadcrumb","itemListElement":[{"@type":"ListItem","position":1,"name":"Portada","item":"https:\/\/fullmast.org\/"},{"@type":"ListItem","position":2,"name":"Cambio de gobierno este 1 de marzo"}]},{"@type":"WebSite","@id":"https:\/\/fullmast.org\/#website","url":"https:\/\/fullmast.org\/","name":"Fullmast SRL","description":"Expertos en Log\u00edstica Internacional","publisher":{"@id":"https:\/\/fullmast.org\/#organization"},"potentialAction":[{"@type":"SearchAction","target":{"@type":"EntryPoint","urlTemplate":"https:\/\/fullmast.org\/?s={search_term_string}"},"query-input":{"@type":"PropertyValueSpecification","valueRequired":true,"valueName":"search_term_string"}}],"inLanguage":"es"},{"@type":"Organization","@id":"https:\/\/fullmast.org\/#organization","name":"Fullmast SRL","url":"https:\/\/fullmast.org\/","logo":{"@type":"ImageObject","inLanguage":"es","@id":"https:\/\/fullmast.org\/#\/schema\/logo\/image\/","url":"https:\/\/fullmast.org\/wp-content\/uploads\/2024\/09\/png-transp-full.png","contentUrl":"https:\/\/fullmast.org\/wp-content\/uploads\/2024\/09\/png-transp-full.png","width":1250,"height":1250,"caption":"Fullmast SRL"},"image":{"@id":"https:\/\/fullmast.org\/#\/schema\/logo\/image\/"},"sameAs":["https:\/\/www.linkedin.com\/company\/fullmast-srl\/posts\/?feedView=all","https:\/\/www.instagram.com\/fullmastsrl\/","https:\/\/www.tiktok.com\/@fullmastsrl"]},{"@type":"Person","@id":"https:\/\/fullmast.org\/#\/schema\/person\/3696c28a92ac428223b76163567cfb2a","name":"Abrahan Lopez","url":"https:\/\/fullmast.org\/index.php\/author\/abrahan\/"}]}},"_links":{"self":[{"href":"https:\/\/fullmast.org\/index.php\/wp-json\/wp\/v2\/posts\/344","targetHints":{"allow":["GET"]}}],"collection":[{"href":"https:\/\/fullmast.org\/index.php\/wp-json\/wp\/v2\/posts"}],"about":[{"href":"https:\/\/fullmast.org\/index.php\/wp-json\/wp\/v2\/types\/post"}],"author":[{"embeddable":true,"href":"https:\/\/fullmast.org\/index.php\/wp-json\/wp\/v2\/users\/2"}],"replies":[{"embeddable":true,"href":"https:\/\/fullmast.org\/index.php\/wp-json\/wp\/v2\/comments?post=344"}],"version-history":[{"count":8,"href":"https:\/\/fullmast.org\/index.php\/wp-json\/wp\/v2\/posts\/344\/revisions"}],"predecessor-version":[{"id":416,"href":"https:\/\/fullmast.org\/index.php\/wp-json\/wp\/v2\/posts\/344\/revisions\/416"}],"wp:featuredmedia":[{"embeddable":true,"href":"https:\/\/fullmast.org\/index.php\/wp-json\/wp\/v2\/media\/417"}],"wp:attachment":[{"href":"https:\/\/fullmast.org\/index.php\/wp-json\/wp\/v2\/media?parent=344"}],"wp:term":[{"taxonomy":"category","embeddable":true,"href":"https:\/\/fullmast.org\/index.php\/wp-json\/wp\/v2\/categories?post=344"},{"taxonomy":"post_tag","embeddable":true,"href":"https:\/\/fullmast.org\/index.php\/wp-json\/wp\/v2\/tags?post=344"}],"curies":[{"name":"wp","href":"https:\/\/api.w.org\/{rel}","templated":true}]}}